{"id":30457,"date":"2025-08-21T12:38:03","date_gmt":"2025-08-21T09:38:03","guid":{"rendered":"https:\/\/drcengizhan.com\/hair-transplant-for-women\/"},"modified":"2025-08-21T14:27:56","modified_gmt":"2025-08-21T11:27:56","slug":"kadinlar-icin-sac-ekimi","status":"publish","type":"post","link":"https:\/\/drcengizhan.com\/tr\/kadinlar-icin-sac-ekimi\/","title":{"rendered":"Kad\u0131nlar \u0130\u00e7in Sa\u00e7 Ekimi \u2013 Kad\u0131nlarda Sa\u00e7 D\u00f6k\u00fclmesinin Ba\u015fl\u0131ca Nedenleri"},"content":{"rendered":"\n<p><a href=\"https:\/\/drcengizhan.com\/tr\/genis-alinlar-icin-sac-ekimi-tedavisi\/\"><strong>Sa\u00e7<\/strong><\/a><strong>, kad\u0131nlar i\u00e7in b\u00fcy\u00fck bir de\u011fer ta\u015f\u0131r. Pek \u00e7ok k\u00fclt\u00fcrde sa\u00e7, kad\u0131n\u0131n g\u00fczelli\u011finin bir sembol\u00fc olarak g\u00f6r\u00fcl\u00fcr. Hatta bir\u00e7ok kad\u0131n, sa\u00e7lar\u0131n\u0131n olabildi\u011fince sa\u011fl\u0131kl\u0131 olmas\u0131 i\u00e7in sa\u00e7 bak\u0131m\u0131na b\u00fcy\u00fck \u00f6nem verir. B\u00fct\u00fcn bunlar g\u00f6z \u00f6n\u00fcnde bulunduruldu\u011funda, kad\u0131nlarda sa\u00e7 d\u00f6k\u00fclmesinin b\u00fcy\u00fck bir kayg\u0131 kayna\u011f\u0131 olmas\u0131 do\u011fald\u0131r. <\/strong>Bir kad\u0131n g\u00fcnde 125\u2019ten fazla sa\u00e7 teli kaybediyorsa, bu sa\u00e7 d\u00f6k\u00fclmesi olarak kabul edilir ve a\u015f\u0131r\u0131 sa\u00e7 incelmesine hatta kellik b\u00f6lgelerine yol a\u00e7abilir. Kad\u0131nlarda sa\u00e7 d\u00f6k\u00fclmesinin nedenleri ve<a href=\"https:\/\/drcengizhan.com\/tr\/sac-ekimi\/\"> sa\u00e7 ekiminin <\/a>ne zaman en iyi \u00e7\u00f6z\u00fcm olabilece\u011fini \u00f6\u011frenmek i\u00e7in okumaya devam edin.<\/p>\n\n\n<div class=\"wp-block-image\">\n<figure class=\"aligncenter size-large\"><img data-dominant-color=\"e0d6d0\" data-has-transparency=\"false\" style=\"--dominant-color: #e0d6d0;\" fetchpriority=\"high\" decoding=\"async\" width=\"763\" height=\"1080\" src=\"https:\/\/drcengizhan.com\/wp-content\/uploads\/2025\/08\/Kadinlarda-Sac-Dokulmesinin-Baslica-Nedenleri-TR-763x1080.webp\" alt=\"Kad\u0131nlarda Sa\u00e7 D\u00f6k\u00fclmesinin Ba\u015fl\u0131ca Nedenleri \" class=\"wp-image-30459 not-transparent\" srcset=\"https:\/\/drcengizhan.com\/wp-content\/uploads\/2025\/08\/Kadinlarda-Sac-Dokulmesinin-Baslica-Nedenleri-TR-763x1080.webp 763w, https:\/\/drcengizhan.com\/wp-content\/uploads\/2025\/08\/Kadinlarda-Sac-Dokulmesinin-Baslica-Nedenleri-TR-283x400.webp 283w, https:\/\/drcengizhan.com\/wp-content\/uploads\/2025\/08\/Kadinlarda-Sac-Dokulmesinin-Baslica-Nedenleri-TR-768x1086.webp 768w, https:\/\/drcengizhan.com\/wp-content\/uploads\/2025\/08\/Kadinlarda-Sac-Dokulmesinin-Baslica-Nedenleri-TR-1086x1536.webp 1086w, https:\/\/drcengizhan.com\/wp-content\/uploads\/2025\/08\/Kadinlarda-Sac-Dokulmesinin-Baslica-Nedenleri-TR-1448x2048.webp 1448w, https:\/\/drcengizhan.com\/wp-content\/uploads\/2025\/08\/Kadinlarda-Sac-Dokulmesinin-Baslica-Nedenleri-TR.webp 1587w\" sizes=\"(max-width: 763px) 100vw, 763px\" \/><figcaption class=\"wp-element-caption\">Kad\u0131nlarda Sa\u00e7 D\u00f6k\u00fclmesinin Ba\u015fl\u0131ca Nedenleri <\/figcaption><\/figure>\n<\/div>\n\n\n<h2 class=\"wp-block-heading\"><strong>\ud83d\udc69 Kad\u0131nlarda Sa\u00e7 D\u00f6k\u00fclmesinin Hormonal Nedenleri<\/strong><\/h2>\n\n\n\n<p>Hormonal denge, kal\u0131n ve sa\u011fl\u0131kl\u0131 sa\u00e7lara sahip olmak i\u00e7in \u00e7ok \u00f6nemlidir. Ancak gebelik veya menopoz nedeniyle bir kad\u0131n\u0131n \u00f6strojen seviyeleri azald\u0131\u011f\u0131nda, \u00e7ok daha fazla sa\u00e7 folik\u00fcl\u00fc \u201cdinlenme evresine\u201d ge\u00e7er ve bu da d\u00f6k\u00fclme ve incelmeye neden olur. \u0130\u015fte basit bir hormonal dengesizli\u011fin<a href=\"https:\/\/drcengizhan.com\/female-hair-transplant-in-turkey\/\"> kad\u0131nlarda sa\u00e7 d\u00f6k\u00fclmesinin<\/a> nedenlerinden biri haline gelmesinin yolu budur.<\/p>\n\n\n\n<h3 class=\"wp-block-heading\"><strong>Menopoz ve \u00d6strojen Azalmas\u0131<\/strong><\/h3>\n\n\n\n<p>T\u00fcm kad\u0131nlar, ciddi hormonal dalgalanmalar i\u00e7eren <a href=\"https:\/\/www.healthline.com\/health\/menopause\/hair-loss\">menopoz <\/a>d\u00f6neminden ge\u00e7er. Menopozun birka\u00e7 fiziksel belirtisi aras\u0131nda s\u0131cak basmalar\u0131, uykusuzluk vb. bulunur. Ayr\u0131ca menopoz, kad\u0131nlarda hormonal sa\u00e7 d\u00f6k\u00fclmesine de neden olur. <strong>Menopoz, sa\u00e7 b\u00fcy\u00fcmesinden sorumlu \u00f6strojen ve progesteron hormonlar\u0131n\u0131n azalmas\u0131na yol a\u00e7ar. Azalan sa\u00e7 b\u00fcy\u00fcmesi, sa\u00e7\u0131n \u00e7ok daha erken dinlenme evresine girmesine sebep olur. Sonu\u00e7 olarak, b\u00fcy\u00fcme d\u00f6ng\u00fcs\u00fcndeki bu bozulma sa\u00e7\u0131n kal\u0131nl\u0131\u011f\u0131n\u0131 ve hacmini kaybetmesine neden olur.<\/strong><\/p>\n\n\n\n<p><strong><em>\ud83d\udccdAyr\u0131ca, \u00f6strojen azald\u0131k\u00e7a androjenlerde art\u0131\u015f olur. Bu da folik\u00fcllerin k\u00fc\u00e7\u00fclmesine ve sa\u00e7lar\u0131n daha ince hale gelmesine yol a\u00e7ar.<\/em><\/strong><\/p>\n\n\n\n<h3 class=\"wp-block-heading\"><strong>Do\u011fum Sonras\u0131 Sa\u00e7 D\u00f6k\u00fclmesi<\/strong><\/h3>\n\n\n\n<p><strong>Do\u011fum sonras\u0131 sa\u00e7 d\u00f6k\u00fclmesi, hamilelik s\u00fcrecinin bir par\u00e7as\u0131d\u0131r ve do\u011fumdan yakla\u015f\u0131k 3 ay sonra ger\u00e7ekle\u015fir. Ancak bu durum kal\u0131c\u0131 de\u011fildir ve yaln\u0131zca yakla\u015f\u0131k 6 ay s\u00fcrer. Bunun ba\u015fl\u0131ca nedeni, do\u011fum s\u0131ras\u0131nda ve sonras\u0131nda meydana gelen hormonal dengesizliktir.<\/strong><\/p>\n\n\n\n<p>Ayn\u0131 zamanda <a href=\"https:\/\/my.clevelandclinic.org\/health\/diseases\/24486-telogen-effluvium\"><strong>telogen effluvium<\/strong><\/a> olarak da adland\u0131r\u0131lan do\u011fum sonras\u0131 sa\u00e7 d\u00f6k\u00fclmesi, hamilelik hormonlar\u0131ndan kaynaklan\u0131r. Bu hormonlar, b\u00fcy\u00fcme evresindeki (anajen) sa\u00e7lar\u0131n h\u0131zla dinlenme evresine (telojen) ge\u00e7mesine neden olur. Bu sa\u00e7lar birka\u00e7 ay sonra d\u00f6k\u00fclmeye ba\u015flar.<\/p>\n\n\n\n<p>Ba\u015fka bir t\u00fcr ise <strong>Kronik Do\u011fum Sonras\u0131 sa\u00e7 d\u00f6k\u00fclmesidir<\/strong>. Bu durumda sa\u00e7 d\u00f6k\u00fclmesi \u00e7ok daha yo\u011fundur ve do\u011fumdan sonraki ilk y\u0131l\u0131n \u00f6tesine uzan\u0131r.<\/p>\n\n\n\n<p><strong><em>\ud83d\udccd Kronik do\u011fum sonras\u0131 sa\u00e7 d\u00f6k\u00fclmesi, altta yatan bir sa\u011fl\u0131k sorununu i\u015faret eder. Bu nedenle, do\u011fru tan\u0131 ve tedavi i\u00e7in bir sa\u011fl\u0131k uzman\u0131na dan\u0131\u015fmak \u00e7ok \u00f6nemlidir.<\/em><\/strong><\/p>\n\n\n\n<h3 class=\"wp-block-heading\"><strong>Polikistik Over Sendromu (PCOS)<\/strong><\/h3>\n\n\n\n<p><strong>PCOS yani Polikistik Over Sendromu olan kad\u0131nlarda fazla miktarda androjen bulunur. Bu hormonal dengesizlik, sa\u00e7lar\u0131n\u0131n kurumas\u0131na ve d\u00f6k\u00fclme nedeniyle incelmesine yol a\u00e7ar. <\/strong>Asl\u0131nda PCOS, kad\u0131nlarda androjenetik alopesiye yani kad\u0131n tipi sa\u00e7 d\u00f6k\u00fclmesine neden olur.<\/p>\n\n\n\n<figure class=\"wp-block-image size-large\"><img data-dominant-color=\"7a6d64\" data-has-transparency=\"false\" style=\"--dominant-color: #7a6d64;\" decoding=\"async\" width=\"1080\" height=\"1080\" src=\"https:\/\/drcengizhan.com\/wp-content\/uploads\/2025\/08\/Combined-facial-plastic-surgery-before-and-after-by-Dr.-Cengizhan-rhinoplasty-eyebrow-lift-bichectomy-face-fat-injection-procedures-1080x1080.webp\" alt=\"Dr. Cengizhan'\u0131n kombine y\u00fcz esteti\u011fi ameliyat\u0131 \u00f6ncesi ve sonras\u0131 (rinoplasti, ka\u015f kald\u0131rma, bi\u015fektomi, y\u00fcz ya\u011f enjeksiyonu i\u015flemleri)\" class=\"wp-image-30448 not-transparent\" srcset=\"https:\/\/drcengizhan.com\/wp-content\/uploads\/2025\/08\/Combined-facial-plastic-surgery-before-and-after-by-Dr.-Cengizhan-rhinoplasty-eyebrow-lift-bichectomy-face-fat-injection-procedures-1080x1080.webp 1080w, https:\/\/drcengizhan.com\/wp-content\/uploads\/2025\/08\/Combined-facial-plastic-surgery-before-and-after-by-Dr.-Cengizhan-rhinoplasty-eyebrow-lift-bichectomy-face-fat-injection-procedures-400x400.webp 400w, https:\/\/drcengizhan.com\/wp-content\/uploads\/2025\/08\/Combined-facial-plastic-surgery-before-and-after-by-Dr.-Cengizhan-rhinoplasty-eyebrow-lift-bichectomy-face-fat-injection-procedures-200x200.webp 200w, https:\/\/drcengizhan.com\/wp-content\/uploads\/2025\/08\/Combined-facial-plastic-surgery-before-and-after-by-Dr.-Cengizhan-rhinoplasty-eyebrow-lift-bichectomy-face-fat-injection-procedures-768x768.webp 768w, https:\/\/drcengizhan.com\/wp-content\/uploads\/2025\/08\/Combined-facial-plastic-surgery-before-and-after-by-Dr.-Cengizhan-rhinoplasty-eyebrow-lift-bichectomy-face-fat-injection-procedures.webp 1440w\" sizes=\"(max-width: 1080px) 100vw, 1080px\" \/><figcaption class=\"wp-element-caption\">Dr. Cengizhan&#8217;\u0131n kombine y\u00fcz esteti\u011fi ameliyat\u0131 \u00f6ncesi ve sonras\u0131 (rinoplasti, ka\u015f kald\u0131rma, bi\u015fektomi, y\u00fcz ya\u011f enjeksiyonu i\u015flemleri)<\/figcaption><\/figure>\n\n\n\n<h2 class=\"wp-block-heading\" id=\"h-kadinlarda-sac-dokulmesinin-genetik-ve-tibbi-nedenleri\"><strong>\ud83d\udc69 Kad\u0131nlarda Sa\u00e7 D\u00f6k\u00fclmesinin Genetik ve T\u0131bbi Nedenleri<\/strong><\/h2>\n\n\n\n<h3 class=\"wp-block-heading\"><strong>Kad\u0131n Tipi Sa\u00e7 D\u00f6k\u00fclmesi (Androjenetik Alopesi)<\/strong><\/h3>\n\n\n\n<p>Ya\u015flanma ve genetik, androjenetik alopesiye yani kad\u0131n tipi sa\u00e7 d\u00f6k\u00fclmesine yol a\u00e7an iki \u00f6nemli fakt\u00f6rd\u00fcr. Bu durumda, kad\u0131n\u0131n ba\u015f\u0131n\u0131n \u00fcst k\u0131sm\u0131ndaki sa\u00e7lar incelir ve ayr\u0131m \u00e7izgisi geni\u015fler. Baz\u0131 insanlar\u0131n genetik olarak DHT hormonuna duyarl\u0131 sa\u00e7 folik\u00fclleri vard\u0131r ve bu hormon, sa\u00e7 folik\u00fcllerinin k\u00fc\u00e7\u00fclmesine neden olur. Bu da her d\u00f6ng\u00fcde sa\u00e7lar\u0131n giderek daha ince \u00e7\u0131kmas\u0131na yol a\u00e7ar. Bir noktada folik\u00fcl o kadar k\u00fc\u00e7\u00fcl\u00fcr ki sa\u00e7 \u00fcretmeyi tamamen durdurur.<\/p>\n\n\n\n<h3 class=\"wp-block-heading\"><strong>Tiroid Bozukluklar\u0131 (Hipotiroidi\/Hipertiroidi)<\/strong><\/h3>\n\n\n\n<p>Tiroid hormonu, v\u00fccudun metabolizmas\u0131n\u0131 d\u00fczenler ve bu da sa\u00e7 folik\u00fcl\u00fcn\u00fcn b\u00fcy\u00fcme d\u00f6ng\u00fcs\u00fcn\u00fc b\u00fcy\u00fck \u00f6l\u00e7\u00fcde etkiler. Hipotiroidi ve hipertiroidi gibi tiroid bozukluklar\u0131, tiroid hormonunun dengesizli\u011fini i\u00e7erir. Bu da v\u00fccudun sistemini etkiler ve sa\u00e7 folik\u00fcllerini dinlenme evresine iter. Bu evredeki sa\u00e7lar birka\u00e7 ay sonra d\u00f6k\u00fclmeye ba\u015flar.<\/p>\n\n\n\n<h3 class=\"wp-block-heading\"><strong>Otoimm\u00fcn Durumlar (Alopecia Areata)<\/strong><\/h3>\n\n\n\n<p><a href=\"https:\/\/www.niams.nih.gov\/health-topics\/alopecia-areata\"><strong>Alopecia Areata<\/strong> <\/a>gibi otoimm\u00fcn bir durumda, insan v\u00fccudu kendi sa\u00e7 folik\u00fcllerine sald\u0131r\u0131r ve bu da yayg\u0131n sa\u00e7 d\u00f6k\u00fclmesine neden olur. Ayr\u0131ca sa\u00e7l\u0131 derideki sa\u00e7 d\u00f6k\u00fclmesi genellikle yamal\u0131 olurken, Alopecia Areata v\u00fccudun di\u011fer b\u00f6lgelerinde de sa\u00e7 kayb\u0131na yol a\u00e7abilir.<\/p>\n\n\n<div class=\"wp-block-image\">\n<figure class=\"aligncenter size-full\"><img data-dominant-color=\"776352\" data-has-transparency=\"false\" style=\"--dominant-color: #776352;\" decoding=\"async\" width=\"640\" height=\"800\" src=\"https:\/\/drcengizhan.com\/wp-content\/uploads\/2025\/08\/Hair-Transplant-for-Women-DHI-3750-GRAFTS-Before-and-after.webp\" alt=\"Kad\u0131nlar \u0130\u00e7in Sa\u00e7 Ekimi (DHI, 3750 GRAF) \u00d6ncesi ve Sonras\u0131\" class=\"wp-image-30452 not-transparent\" srcset=\"https:\/\/drcengizhan.com\/wp-content\/uploads\/2025\/08\/Hair-Transplant-for-Women-DHI-3750-GRAFTS-Before-and-after.webp 640w, https:\/\/drcengizhan.com\/wp-content\/uploads\/2025\/08\/Hair-Transplant-for-Women-DHI-3750-GRAFTS-Before-and-after-320x400.webp 320w\" sizes=\"(max-width: 640px) 100vw, 640px\" \/><figcaption class=\"wp-element-caption\">Kad\u0131nlar \u0130\u00e7in Sa\u00e7 Ekimi (DHI, 3750 GRAF) \u00d6ncesi ve Sonras\u0131<\/figcaption><\/figure>\n<\/div>\n\n\n<h2 class=\"wp-block-heading\"><strong>\ud83d\udc69 Ya\u015fam Tarz\u0131 ve \u00c7evresel Fakt\u00f6rler<\/strong><\/h2>\n\n\n\n<h3 class=\"wp-block-heading\"><strong>Kronik Stres ve Telogen Effluvium<\/strong><\/h3>\n\n\n\n<p>Stres, sa\u00e7 folik\u00fcllerinin b\u00fcy\u00fck bir b\u00f6l\u00fcm\u00fcn\u00fcn aniden dinlenme evresine girmesine neden olan telogen effluviuma yol a\u00e7ar. Bir s\u00fcre sonra bu sa\u00e7lar\u0131n hepsi aniden d\u00f6k\u00fclmeye ba\u015flar.<\/p>\n\n\n\n<h3 class=\"wp-block-heading\"><strong>Beslenme Eksiklikleri<\/strong><\/h3>\n\n\n\n<p>Sa\u00e7 folik\u00fcllerinin sa\u011fl\u0131kl\u0131 ve g\u00fcr sa\u00e7 \u00fcretebilmesi i\u00e7in besinlere ihtiyac\u0131 vard\u0131r. Bu besinler ancak besleyici bir diyetle elde edilebilir. K\u00f6t\u00fc bir beslenme d\u00fczeni, sa\u00e7 \u00fczerinde olumsuz etkilere sahip olabilecek \u00e7e\u015fitli besin eksikliklerine (protein, B vitamini ve demir) yol a\u00e7abilir. Folik\u00fcl\u00fc \u00f6nemli besinlerden mahrum b\u0131rak\u0131r, bu da b\u00fcy\u00fcme d\u00f6ng\u00fcs\u00fcn\u00fc bozarak \u00e7ok say\u0131da sa\u00e7\u0131n normalden daha erken dinlenme ve d\u00f6k\u00fclme evresine ge\u00e7mesine sebep olur.<\/p>\n\n\n\n<h3 class=\"wp-block-heading\"><strong>A\u015f\u0131r\u0131 \u015eekillendirme ve Traksiyon Alopesi<\/strong><\/h3>\n\n\n\n<p><strong>Traksiyon alopesi<\/strong>, sa\u00e7\u0131n rutin \u015fekillendirilmesiyle ortaya \u00e7\u0131kan ve sa\u00e7 folik\u00fcllerinde gerginli\u011fe yol a\u00e7an bir sa\u00e7 d\u00f6k\u00fclmesi t\u00fcr\u00fcd\u00fcr. S\u0131k\u0131 \u00f6rg\u00fcler, sa\u00e7 uzatmalar\u0131 veya \u0131s\u0131ya dayal\u0131 \u015fekillendirme ara\u00e7lar\u0131n\u0131n s\u0131k kullan\u0131m\u0131 fark etmeksizin, t\u00fcm bunlar sa\u00e7\u0131n fazla \u00e7ekilmesine ve gerilim nedeniyle d\u00f6k\u00fclmesine yol a\u00e7ar.<\/p>\n\n\n\n<figure class=\"wp-block-embed is-type-video is-provider-youtube wp-block-embed-youtube wp-embed-aspect-16-9 wp-has-aspect-ratio\"><div class=\"wp-block-embed__wrapper\">\n<iframe title=\"Hair Transplant vs. Forehead Reduction?\" width=\"1200\" height=\"675\" src=\"https:\/\/www.youtube.com\/embed\/sBV1p5qxlog?feature=oembed\" frameborder=\"0\" allow=\"accelerometer; autoplay; clipboard-write; encrypted-media; gyroscope; picture-in-picture; web-share\" referrerpolicy=\"strict-origin-when-cross-origin\" allowfullscreen><\/iframe>\n<\/div><\/figure>\n\n\n\n<h2 class=\"wp-block-heading\" id=\"h-sac-ekimi-ne-zaman-dogru-cozum-olur\"><strong>\ud83d\udc87\u200d\u2640\ufe0f Sa\u00e7 Ekimi Ne Zaman Do\u011fru \u00c7\u00f6z\u00fcm Olur?<\/strong><\/h2>\n\n\n\n<p>Sa\u00e7 ekimi, kad\u0131nlarda sa\u00e7 incelmesi i\u00e7in en iyi tedavidir. Ancak bu yaln\u0131zca belirli bir t\u00fcr incelme oldu\u011funda i\u015fe yarar. \u00d6rne\u011fin, sa\u00e7 ekimi yayg\u0131n sa\u00e7 d\u00f6k\u00fclmesi ya\u015fayan kad\u0131nlarda etkili olmayabilir. Sa\u00e7 d\u00f6k\u00fclmesi lokalize oldu\u011funda, yani stabil ve belirli bir b\u00f6lgede oldu\u011funda, bu ki\u015fiyi sa\u00e7 ekimi i\u00e7in uygun bir aday yapar.<\/p>\n\n\n\n<p>Ayr\u0131ca sa\u00e7 ekimi aday\u0131 olan kad\u0131n\u0131n, genellikle ba\u015f\u0131n arka veya yan k\u0131s\u0131mlar\u0131 olan don\u00f6r b\u00f6lgelerde kal\u0131n ve yo\u011fun sa\u00e7lara sahip olmas\u0131 gerekir.<\/p>\n\n\n\n<p>\u015eunu da belirtmek gerekir ki aktif bir otoimm\u00fcn rahats\u0131zl\u0131\u011f\u0131 veya tedavi edilmemi\u015f bir hastal\u0131\u011f\u0131 olan kad\u0131nlar i\u00e7in sa\u00e7 ekimi do\u011fru bir se\u00e7enek olmayabilir.<\/p>\n\n\n\n<p><strong><em>\ud83d\udccd Uzman\u0131n\u0131z, sa\u00e7 derinizin durumunu ve sahip oldu\u011funuz sa\u00e7 d\u00f6k\u00fclmesi tipini ayr\u0131nt\u0131l\u0131 bir \u015fekilde de\u011ferlendirerek sa\u00e7 ekimi i\u00e7in uygun bir aday olup olmad\u0131\u011f\u0131n\u0131z\u0131 belirleyecektir.<\/em><\/strong><\/p>\n\n\n\n<p><a href=\"https:\/\/drcengizhan.com\/tr\/iletisim\/\"><strong><em>\ud83c\udfe5 Bug\u00fcn bizimle randevunuzu ay\u0131rt\u0131n!<\/em><\/strong><\/a><\/p>\n\n\n\n<p><\/p>\n\n\n\n<p><\/p>\n","protected":false},"excerpt":{"rendered":"<p>Sa\u00e7, kad\u0131nlar i\u00e7in derin bir g\u00fczellik sembol\u00fcd\u00fcr ve bu nedenle sa\u00e7 d\u00f6k\u00fclmesi b\u00fcy\u00fck bir endi\u015fe kayna\u011f\u0131d\u0131r. G\u00fcnde 125&#8217;ten fazla sa\u00e7 telinin d\u00f6k\u00fclmesi, incelmeye ve kel noktalara yol a\u00e7abilir. Nedenlerini ve bir sa\u00e7 naklinin ne zaman \u00e7\u00f6z\u00fcm olabilece\u011fini ke\u015ffedin.<\/p>\n","protected":false},"author":13,"featured_media":30443,"comment_status":"closed","ping_status":"open","sticky":false,"template":"","format":"standard","meta":{"footnotes":""},"categories":[385],"tags":[],"class_list":["post-30457","post","type-post","status-publish","format-standard","has-post-thumbnail","hentry","category-hair-transplant-tr","category-385","description-off"],"yoast_head":"<!-- This site is optimized with the Yoast SEO Premium plugin v27.3 (Yoast SEO v27.4) - https:\/\/yoast.com\/product\/yoast-seo-premium-wordpress\/ -->\n<title>Kad\u0131nlar \u0130\u00e7in Sa\u00e7 Ekimi \u2013 Kad\u0131nlarda Sa\u00e7 D\u00f6k\u00fclmesinin Ba\u015fl\u0131ca Nedenleri - Dr. Cengizhan Ekizceli<\/title>\n<meta name=\"description\" content=\"Kad\u0131nlarda sa\u00e7 ekimi gerektiren durumlar nedir? Dr. Cengizhan, kad\u0131nlarda sa\u00e7 d\u00f6k\u00fclmesinin nedenlerini ve en iyi \u00e7\u00f6z\u00fcm zaman\u0131n\u0131 a\u00e7\u0131kl\u0131yor.\" \/>\n<meta name=\"robots\" content=\"index, follow, max-snippet:-1, max-image-preview:large, max-video-preview:-1\" \/>\n<link rel=\"canonical\" href=\"https:\/\/drcengizhan.com\/tr\/kadinlar-icin-sac-ekimi\/\" \/>\n<meta property=\"og:locale\" content=\"tr_TR\" \/>\n<meta property=\"og:type\" content=\"article\" \/>\n<meta property=\"og:title\" content=\"Kad\u0131nlar \u0130\u00e7in Sa\u00e7 Ekimi \u2013 Kad\u0131nlarda Sa\u00e7 D\u00f6k\u00fclmesinin Ba\u015fl\u0131ca Nedenleri\" \/>\n<meta property=\"og:description\" content=\"Kad\u0131nlarda sa\u00e7 ekimi gerektiren durumlar nedir? Dr. Cengizhan, kad\u0131nlarda sa\u00e7 d\u00f6k\u00fclmesinin nedenlerini ve en iyi \u00e7\u00f6z\u00fcm zaman\u0131n\u0131 a\u00e7\u0131kl\u0131yor.\" \/>\n<meta property=\"og:url\" content=\"https:\/\/drcengizhan.com\/tr\/kadinlar-icin-sac-ekimi\/\" \/>\n<meta property=\"og:site_name\" content=\"Dr. Cengizhan Ekizceli\" \/>\n<meta property=\"article:publisher\" content=\"https:\/\/www.facebook.com\/drcengizhan\/\" \/>\n<meta property=\"article:published_time\" content=\"2025-08-21T09:38:03+00:00\" \/>\n<meta property=\"article:modified_time\" content=\"2025-08-21T11:27:56+00:00\" \/>\n<meta property=\"og:image\" content=\"https:\/\/drcengizhan.com\/wp-content\/uploads\/2025\/08\/Hair-Transplant-for-Women-\u2013-Top-Causes-of-Hair-Loss-in-Women.webp\" \/>\n\t<meta property=\"og:image:width\" content=\"1920\" \/>\n\t<meta property=\"og:image:height\" content=\"1080\" \/>\n\t<meta property=\"og:image:type\" content=\"image\/jpeg\" \/>\n<meta name=\"author\" content=\"Content Writer\" \/>\n<meta name=\"twitter:card\" content=\"summary_large_image\" \/>\n<script type=\"application\/ld+json\" class=\"yoast-schema-graph\">{\"@context\":\"https:\\\/\\\/schema.org\",\"@graph\":[{\"@type\":\"Article\",\"@id\":\"https:\\\/\\\/drcengizhan.com\\\/tr\\\/kadinlar-icin-sac-ekimi\\\/#article\",\"isPartOf\":{\"@id\":\"https:\\\/\\\/drcengizhan.com\\\/tr\\\/kadinlar-icin-sac-ekimi\\\/\"},\"author\":{\"name\":\"Content Writer\",\"@id\":\"https:\\\/\\\/drcengizhan.com\\\/tr\\\/#\\\/schema\\\/person\\\/d32daa127f0b21d41200fe63b10f0b17\"},\"headline\":\"Kad\u0131nlar \u0130\u00e7in Sa\u00e7 Ekimi \u2013 Kad\u0131nlarda Sa\u00e7 D\u00f6k\u00fclmesinin Ba\u015fl\u0131ca Nedenleri\",\"datePublished\":\"2025-08-21T09:38:03+00:00\",\"dateModified\":\"2025-08-21T11:27:56+00:00\",\"mainEntityOfPage\":{\"@id\":\"https:\\\/\\\/drcengizhan.com\\\/tr\\\/kadinlar-icin-sac-ekimi\\\/\"},\"wordCount\":1275,\"publisher\":{\"@id\":\"https:\\\/\\\/drcengizhan.com\\\/tr\\\/#organization\"},\"image\":{\"@id\":\"https:\\\/\\\/drcengizhan.com\\\/tr\\\/kadinlar-icin-sac-ekimi\\\/#primaryimage\"},\"thumbnailUrl\":\"https:\\\/\\\/drcengizhan.com\\\/wp-content\\\/uploads\\\/2025\\\/08\\\/Hair-Transplant-for-Women-\u2013-Top-Causes-of-Hair-Loss-in-Women.webp\",\"articleSection\":[\"Hair Transplant\"],\"inLanguage\":\"tr\"},{\"@type\":\"WebPage\",\"@id\":\"https:\\\/\\\/drcengizhan.com\\\/tr\\\/kadinlar-icin-sac-ekimi\\\/\",\"url\":\"https:\\\/\\\/drcengizhan.com\\\/tr\\\/kadinlar-icin-sac-ekimi\\\/\",\"name\":\"Kad\u0131nlar \u0130\u00e7in Sa\u00e7 Ekimi \u2013 Kad\u0131nlarda Sa\u00e7 D\u00f6k\u00fclmesinin Ba\u015fl\u0131ca Nedenleri - Dr. Cengizhan Ekizceli\",\"isPartOf\":{\"@id\":\"https:\\\/\\\/drcengizhan.com\\\/tr\\\/#website\"},\"primaryImageOfPage\":{\"@id\":\"https:\\\/\\\/drcengizhan.com\\\/tr\\\/kadinlar-icin-sac-ekimi\\\/#primaryimage\"},\"image\":{\"@id\":\"https:\\\/\\\/drcengizhan.com\\\/tr\\\/kadinlar-icin-sac-ekimi\\\/#primaryimage\"},\"thumbnailUrl\":\"https:\\\/\\\/drcengizhan.com\\\/wp-content\\\/uploads\\\/2025\\\/08\\\/Hair-Transplant-for-Women-\u2013-Top-Causes-of-Hair-Loss-in-Women.webp\",\"datePublished\":\"2025-08-21T09:38:03+00:00\",\"dateModified\":\"2025-08-21T11:27:56+00:00\",\"description\":\"Kad\u0131nlarda sa\u00e7 ekimi gerektiren durumlar nedir? Dr. Cengizhan, kad\u0131nlarda sa\u00e7 d\u00f6k\u00fclmesinin nedenlerini ve en iyi \u00e7\u00f6z\u00fcm zaman\u0131n\u0131 a\u00e7\u0131kl\u0131yor.\",\"breadcrumb\":{\"@id\":\"https:\\\/\\\/drcengizhan.com\\\/tr\\\/kadinlar-icin-sac-ekimi\\\/#breadcrumb\"},\"inLanguage\":\"tr\",\"potentialAction\":[{\"@type\":\"ReadAction\",\"target\":[\"https:\\\/\\\/drcengizhan.com\\\/tr\\\/kadinlar-icin-sac-ekimi\\\/\"]}]},{\"@type\":\"ImageObject\",\"inLanguage\":\"tr\",\"@id\":\"https:\\\/\\\/drcengizhan.com\\\/tr\\\/kadinlar-icin-sac-ekimi\\\/#primaryimage\",\"url\":\"https:\\\/\\\/drcengizhan.com\\\/wp-content\\\/uploads\\\/2025\\\/08\\\/Hair-Transplant-for-Women-\u2013-Top-Causes-of-Hair-Loss-in-Women.webp\",\"contentUrl\":\"https:\\\/\\\/drcengizhan.com\\\/wp-content\\\/uploads\\\/2025\\\/08\\\/Hair-Transplant-for-Women-\u2013-Top-Causes-of-Hair-Loss-in-Women.webp\",\"width\":1920,\"height\":1080,\"caption\":\"Hair Transplant for Women \u2013 Top Causes of Hair Loss in Women\"},{\"@type\":\"BreadcrumbList\",\"@id\":\"https:\\\/\\\/drcengizhan.com\\\/tr\\\/kadinlar-icin-sac-ekimi\\\/#breadcrumb\",\"itemListElement\":[{\"@type\":\"ListItem\",\"position\":1,\"name\":\"Home\",\"item\":\"https:\\\/\\\/drcengizhan.com\\\/tr\\\/\"},{\"@type\":\"ListItem\",\"position\":2,\"name\":\"Kad\u0131nlar \u0130\u00e7in Sa\u00e7 Ekimi \u2013 Kad\u0131nlarda Sa\u00e7 D\u00f6k\u00fclmesinin Ba\u015fl\u0131ca Nedenleri\"}]},{\"@type\":\"WebSite\",\"@id\":\"https:\\\/\\\/drcengizhan.com\\\/tr\\\/#website\",\"url\":\"https:\\\/\\\/drcengizhan.com\\\/tr\\\/\",\"name\":\"Dr. Cengizhan Ekizceli\",\"description\":\"Plastic Surgeon in Turkey\",\"publisher\":{\"@id\":\"https:\\\/\\\/drcengizhan.com\\\/tr\\\/#organization\"},\"potentialAction\":[{\"@type\":\"SearchAction\",\"target\":{\"@type\":\"EntryPoint\",\"urlTemplate\":\"https:\\\/\\\/drcengizhan.com\\\/tr\\\/?s={search_term_string}\"},\"query-input\":{\"@type\":\"PropertyValueSpecification\",\"valueRequired\":true,\"valueName\":\"search_term_string\"}}],\"inLanguage\":\"tr\"},{\"@type\":\"Organization\",\"@id\":\"https:\\\/\\\/drcengizhan.com\\\/tr\\\/#organization\",\"name\":\"Dr. Cengizhan Ekizceli\",\"url\":\"https:\\\/\\\/drcengizhan.com\\\/tr\\\/\",\"logo\":{\"@type\":\"ImageObject\",\"inLanguage\":\"tr\",\"@id\":\"https:\\\/\\\/drcengizhan.com\\\/tr\\\/#\\\/schema\\\/logo\\\/image\\\/\",\"url\":\"https:\\\/\\\/drcengizhan.com\\\/wp-content\\\/uploads\\\/2024\\\/07\\\/drce_yatay_logo-e1721899271292.webp\",\"contentUrl\":\"https:\\\/\\\/drcengizhan.com\\\/wp-content\\\/uploads\\\/2024\\\/07\\\/drce_yatay_logo-e1721899271292.webp\",\"width\":960,\"height\":307,\"caption\":\"Dr. Cengizhan Ekizceli\"},\"image\":{\"@id\":\"https:\\\/\\\/drcengizhan.com\\\/tr\\\/#\\\/schema\\\/logo\\\/image\\\/\"},\"sameAs\":[\"https:\\\/\\\/www.facebook.com\\\/drcengizhan\\\/\"]},{\"@type\":\"Person\",\"@id\":\"https:\\\/\\\/drcengizhan.com\\\/tr\\\/#\\\/schema\\\/person\\\/d32daa127f0b21d41200fe63b10f0b17\",\"name\":\"Content Writer\",\"image\":{\"@type\":\"ImageObject\",\"inLanguage\":\"tr\",\"@id\":\"https:\\\/\\\/secure.gravatar.com\\\/avatar\\\/f389998cd02caa1b64369f86d777ca87123d9f380efd95738cabbccf6c948531?s=96&d=mm&r=g\",\"url\":\"https:\\\/\\\/secure.gravatar.com\\\/avatar\\\/f389998cd02caa1b64369f86d777ca87123d9f380efd95738cabbccf6c948531?s=96&d=mm&r=g\",\"contentUrl\":\"https:\\\/\\\/secure.gravatar.com\\\/avatar\\\/f389998cd02caa1b64369f86d777ca87123d9f380efd95738cabbccf6c948531?s=96&d=mm&r=g\",\"caption\":\"Content Writer\"}}]}<\/script>\n<!-- \/ Yoast SEO Premium plugin. -->","yoast_head_json":{"title":"Kad\u0131nlar \u0130\u00e7in Sa\u00e7 Ekimi \u2013 Kad\u0131nlarda Sa\u00e7 D\u00f6k\u00fclmesinin Ba\u015fl\u0131ca Nedenleri - Dr. Cengizhan Ekizceli","description":"Kad\u0131nlarda sa\u00e7 ekimi gerektiren durumlar nedir? Dr. Cengizhan, kad\u0131nlarda sa\u00e7 d\u00f6k\u00fclmesinin nedenlerini ve en iyi \u00e7\u00f6z\u00fcm zaman\u0131n\u0131 a\u00e7\u0131kl\u0131yor.","robots":{"index":"index","follow":"follow","max-snippet":"max-snippet:-1","max-image-preview":"max-image-preview:large","max-video-preview":"max-video-preview:-1"},"canonical":"https:\/\/drcengizhan.com\/tr\/kadinlar-icin-sac-ekimi\/","og_locale":"tr_TR","og_type":"article","og_title":"Kad\u0131nlar \u0130\u00e7in Sa\u00e7 Ekimi \u2013 Kad\u0131nlarda Sa\u00e7 D\u00f6k\u00fclmesinin Ba\u015fl\u0131ca Nedenleri","og_description":"Kad\u0131nlarda sa\u00e7 ekimi gerektiren durumlar nedir? Dr. Cengizhan, kad\u0131nlarda sa\u00e7 d\u00f6k\u00fclmesinin nedenlerini ve en iyi \u00e7\u00f6z\u00fcm zaman\u0131n\u0131 a\u00e7\u0131kl\u0131yor.","og_url":"https:\/\/drcengizhan.com\/tr\/kadinlar-icin-sac-ekimi\/","og_site_name":"Dr. Cengizhan Ekizceli","article_publisher":"https:\/\/www.facebook.com\/drcengizhan\/","article_published_time":"2025-08-21T09:38:03+00:00","article_modified_time":"2025-08-21T11:27:56+00:00","og_image":[{"width":1920,"height":1080,"url":"https:\/\/drcengizhan.com\/wp-content\/uploads\/2025\/08\/Hair-Transplant-for-Women-\u2013-Top-Causes-of-Hair-Loss-in-Women.webp","type":"image\/jpeg"}],"author":"Content Writer","twitter_card":"summary_large_image","schema":{"@context":"https:\/\/schema.org","@graph":[{"@type":"Article","@id":"https:\/\/drcengizhan.com\/tr\/kadinlar-icin-sac-ekimi\/#article","isPartOf":{"@id":"https:\/\/drcengizhan.com\/tr\/kadinlar-icin-sac-ekimi\/"},"author":{"name":"Content Writer","@id":"https:\/\/drcengizhan.com\/tr\/#\/schema\/person\/d32daa127f0b21d41200fe63b10f0b17"},"headline":"Kad\u0131nlar \u0130\u00e7in Sa\u00e7 Ekimi \u2013 Kad\u0131nlarda Sa\u00e7 D\u00f6k\u00fclmesinin Ba\u015fl\u0131ca Nedenleri","datePublished":"2025-08-21T09:38:03+00:00","dateModified":"2025-08-21T11:27:56+00:00","mainEntityOfPage":{"@id":"https:\/\/drcengizhan.com\/tr\/kadinlar-icin-sac-ekimi\/"},"wordCount":1275,"publisher":{"@id":"https:\/\/drcengizhan.com\/tr\/#organization"},"image":{"@id":"https:\/\/drcengizhan.com\/tr\/kadinlar-icin-sac-ekimi\/#primaryimage"},"thumbnailUrl":"https:\/\/drcengizhan.com\/wp-content\/uploads\/2025\/08\/Hair-Transplant-for-Women-\u2013-Top-Causes-of-Hair-Loss-in-Women.webp","articleSection":["Hair Transplant"],"inLanguage":"tr"},{"@type":"WebPage","@id":"https:\/\/drcengizhan.com\/tr\/kadinlar-icin-sac-ekimi\/","url":"https:\/\/drcengizhan.com\/tr\/kadinlar-icin-sac-ekimi\/","name":"Kad\u0131nlar \u0130\u00e7in Sa\u00e7 Ekimi \u2013 Kad\u0131nlarda Sa\u00e7 D\u00f6k\u00fclmesinin Ba\u015fl\u0131ca Nedenleri - Dr. Cengizhan Ekizceli","isPartOf":{"@id":"https:\/\/drcengizhan.com\/tr\/#website"},"primaryImageOfPage":{"@id":"https:\/\/drcengizhan.com\/tr\/kadinlar-icin-sac-ekimi\/#primaryimage"},"image":{"@id":"https:\/\/drcengizhan.com\/tr\/kadinlar-icin-sac-ekimi\/#primaryimage"},"thumbnailUrl":"https:\/\/drcengizhan.com\/wp-content\/uploads\/2025\/08\/Hair-Transplant-for-Women-\u2013-Top-Causes-of-Hair-Loss-in-Women.webp","datePublished":"2025-08-21T09:38:03+00:00","dateModified":"2025-08-21T11:27:56+00:00","description":"Kad\u0131nlarda sa\u00e7 ekimi gerektiren durumlar nedir? Dr. Cengizhan, kad\u0131nlarda sa\u00e7 d\u00f6k\u00fclmesinin nedenlerini ve en iyi \u00e7\u00f6z\u00fcm zaman\u0131n\u0131 a\u00e7\u0131kl\u0131yor.","breadcrumb":{"@id":"https:\/\/drcengizhan.com\/tr\/kadinlar-icin-sac-ekimi\/#breadcrumb"},"inLanguage":"tr","potentialAction":[{"@type":"ReadAction","target":["https:\/\/drcengizhan.com\/tr\/kadinlar-icin-sac-ekimi\/"]}]},{"@type":"ImageObject","inLanguage":"tr","@id":"https:\/\/drcengizhan.com\/tr\/kadinlar-icin-sac-ekimi\/#primaryimage","url":"https:\/\/drcengizhan.com\/wp-content\/uploads\/2025\/08\/Hair-Transplant-for-Women-\u2013-Top-Causes-of-Hair-Loss-in-Women.webp","contentUrl":"https:\/\/drcengizhan.com\/wp-content\/uploads\/2025\/08\/Hair-Transplant-for-Women-\u2013-Top-Causes-of-Hair-Loss-in-Women.webp","width":1920,"height":1080,"caption":"Hair Transplant for Women \u2013 Top Causes of Hair Loss in Women"},{"@type":"BreadcrumbList","@id":"https:\/\/drcengizhan.com\/tr\/kadinlar-icin-sac-ekimi\/#breadcrumb","itemListElement":[{"@type":"ListItem","position":1,"name":"Home","item":"https:\/\/drcengizhan.com\/tr\/"},{"@type":"ListItem","position":2,"name":"Kad\u0131nlar \u0130\u00e7in Sa\u00e7 Ekimi \u2013 Kad\u0131nlarda Sa\u00e7 D\u00f6k\u00fclmesinin Ba\u015fl\u0131ca Nedenleri"}]},{"@type":"WebSite","@id":"https:\/\/drcengizhan.com\/tr\/#website","url":"https:\/\/drcengizhan.com\/tr\/","name":"Dr. Cengizhan Ekizceli","description":"Plastic Surgeon in Turkey","publisher":{"@id":"https:\/\/drcengizhan.com\/tr\/#organization"},"potentialAction":[{"@type":"SearchAction","target":{"@type":"EntryPoint","urlTemplate":"https:\/\/drcengizhan.com\/tr\/?s={search_term_string}"},"query-input":{"@type":"PropertyValueSpecification","valueRequired":true,"valueName":"search_term_string"}}],"inLanguage":"tr"},{"@type":"Organization","@id":"https:\/\/drcengizhan.com\/tr\/#organization","name":"Dr. Cengizhan Ekizceli","url":"https:\/\/drcengizhan.com\/tr\/","logo":{"@type":"ImageObject","inLanguage":"tr","@id":"https:\/\/drcengizhan.com\/tr\/#\/schema\/logo\/image\/","url":"https:\/\/drcengizhan.com\/wp-content\/uploads\/2024\/07\/drce_yatay_logo-e1721899271292.webp","contentUrl":"https:\/\/drcengizhan.com\/wp-content\/uploads\/2024\/07\/drce_yatay_logo-e1721899271292.webp","width":960,"height":307,"caption":"Dr. Cengizhan Ekizceli"},"image":{"@id":"https:\/\/drcengizhan.com\/tr\/#\/schema\/logo\/image\/"},"sameAs":["https:\/\/www.facebook.com\/drcengizhan\/"]},{"@type":"Person","@id":"https:\/\/drcengizhan.com\/tr\/#\/schema\/person\/d32daa127f0b21d41200fe63b10f0b17","name":"Content Writer","image":{"@type":"ImageObject","inLanguage":"tr","@id":"https:\/\/secure.gravatar.com\/avatar\/f389998cd02caa1b64369f86d777ca87123d9f380efd95738cabbccf6c948531?s=96&d=mm&r=g","url":"https:\/\/secure.gravatar.com\/avatar\/f389998cd02caa1b64369f86d777ca87123d9f380efd95738cabbccf6c948531?s=96&d=mm&r=g","contentUrl":"https:\/\/secure.gravatar.com\/avatar\/f389998cd02caa1b64369f86d777ca87123d9f380efd95738cabbccf6c948531?s=96&d=mm&r=g","caption":"Content Writer"}}]}},"_links":{"self":[{"href":"https:\/\/drcengizhan.com\/tr\/wp-json\/wp\/v2\/posts\/30457","targetHints":{"allow":["GET"]}}],"collection":[{"href":"https:\/\/drcengizhan.com\/tr\/wp-json\/wp\/v2\/posts"}],"about":[{"href":"https:\/\/drcengizhan.com\/tr\/wp-json\/wp\/v2\/types\/post"}],"author":[{"embeddable":true,"href":"https:\/\/drcengizhan.com\/tr\/wp-json\/wp\/v2\/users\/13"}],"replies":[{"embeddable":true,"href":"https:\/\/drcengizhan.com\/tr\/wp-json\/wp\/v2\/comments?post=30457"}],"version-history":[{"count":2,"href":"https:\/\/drcengizhan.com\/tr\/wp-json\/wp\/v2\/posts\/30457\/revisions"}],"predecessor-version":[{"id":30464,"href":"https:\/\/drcengizhan.com\/tr\/wp-json\/wp\/v2\/posts\/30457\/revisions\/30464"}],"wp:featuredmedia":[{"embeddable":true,"href":"https:\/\/drcengizhan.com\/tr\/wp-json\/wp\/v2\/media\/30443"}],"wp:attachment":[{"href":"https:\/\/drcengizhan.com\/tr\/wp-json\/wp\/v2\/media?parent=30457"}],"wp:term":[{"taxonomy":"category","embeddable":true,"href":"https:\/\/drcengizhan.com\/tr\/wp-json\/wp\/v2\/categories?post=30457"},{"taxonomy":"post_tag","embeddable":true,"href":"https:\/\/drcengizhan.com\/tr\/wp-json\/wp\/v2\/tags?post=30457"}],"curies":[{"name":"wp","href":"https:\/\/api.w.org\/{rel}","templated":true}]}}